{"id":6,"date":"2012-01-05T12:21:48","date_gmt":"2012-01-05T11:21:48","guid":{"rendered":"http:\/\/zds.sk\/?p=6"},"modified":"2014-08-04T00:47:15","modified_gmt":"2014-08-03T22:47:15","slug":"novinky","status":"publish","type":"post","link":"https:\/\/www.zds.sk\/?p=6","title":{"rendered":"Novinky"},"content":{"rendered":"<p><span style=\"text-decoration: underline;\"><strong>8. Apr\u00edl 2014<\/strong><\/span><br \/>\nAktualizovan\u00e1 sekcia\u00a0<strong><a title=\"Pozv\u00e1nky\" href=\"http:\/\/zds.sk\/?page_id=24\">&#8222;Pozv\u00e1nky&#8220;<\/a><\/strong>. Pridan\u00e9 prihl\u00e1\u0161ky na Diabetologick\u00e9 dni 2014 pre sestry, firmy a z\u00e1kladn\u00e9 organiz\u00e1cie.<\/p>\n<p><a href=\"http:\/\/zds.sk\/wp-content\/uploads\/2012\/01\/DD_LM_2014.png\"><img loading=\"lazy\" decoding=\"async\" class=\"alignleft size-medium wp-image-412\" alt=\"DD_LM_2014\" src=\"http:\/\/zds.sk\/wp-content\/uploads\/2012\/01\/DD_LM_2014-212x300.png\" width=\"150\" height=\"200\" \/><\/a><\/p>\n<p>&nbsp;<\/p>\n<p>&nbsp;<\/p>\n<p>&nbsp;<\/p>\n<p>&nbsp;<\/p>\n<p>&nbsp;<\/p>\n<p>kliknite na obr\u00e1zok pre zv\u00e4\u010d\u0161enie<\/p>\n<p>&nbsp;<\/p>\n<p>&nbsp;<\/p>\n<p>&nbsp;<\/p>\n<p><span style=\"text-decoration: underline;\"><strong>28. Oktober 2013<\/strong><\/span><\/p>\n<p><span style=\"color: #ff0000;\"><strong><a title=\"D\u00f4le\u017eit\u00fd oznam diabetologick\u00fdm pacientom\" href=\"http:\/\/zds.sk\/wp-content\/uploads\/2012\/01\/informacny_list_pacientom.pdf\" target=\"_blank\">D\u00f4le\u017eit\u00fd oznam diabetologick\u00fdm pacientom<\/a><\/strong><\/span><\/p>\n<p><span style=\"text-decoration: underline;\"><strong>19. Augusta 2013<\/strong><\/span><br \/>\nAktualizovan\u00e1 sekcia\u00a0<strong><a title=\"Z\u00e1kladn\u00e9 organiz\u00e1cie\" href=\"http:\/\/zds.sk\/?page_id=18\">&#8222;Z\u00e1kladn\u00e9 organiz\u00e1cie&#8220;<\/a><\/strong>. Aktualizovan\u00e9 kontaktn\u00e9 \u00fadaje.<\/p>\n<p><span style=\"text-decoration: underline;\"><strong>18. Augusta 2013<\/strong><\/span><br \/>\nAktualizovan\u00e1 sekcia\u00a0<strong><a title=\"Aktivity\" href=\"http:\/\/zds.sk\/?page_id=22\">&#8222;Aktivity&#8220;<\/a><\/strong>. Pridan\u00e9 Rekondi\u010dn\u00e9 pobyty pre rok 2014.<\/p>\n<p><span style=\"text-decoration: underline;\"><strong>16. Augusta 2013<\/strong><\/span><br \/>\nAktualizovan\u00e1 sekcia\u00a0<strong><a title=\"Pozv\u00e1nky\" href=\"http:\/\/zds.sk\/?page_id=24\">&#8222;Pozv\u00e1nky&#8220;<\/a><\/strong>. Pridan\u00e9 prihl\u00e1\u0161ky na Festival diabetu 2013 pre sestry a firmy.<\/p>\n<p><a href=\"http:\/\/zds.sk\/wp-content\/uploads\/2012\/01\/FD_BB_pozvanka_2013.png\" target=\"_blank\"><img loading=\"lazy\" decoding=\"async\" class=\" wp-image-261 alignnone\" title=\"Festival diabetu 2013\" alt=\"FD_BB_pozvanka_2013\" src=\"http:\/\/zds.sk\/wp-content\/uploads\/2012\/01\/FD_BB_pozvanka_2013-150x150.png\" width=\"150\" height=\"200\" \/><\/a>kliknite na obr\u00e1zok pre zv\u00e4\u010d\u0161enie<\/p>\n<p>&nbsp;<\/p>\n<p><span style=\"text-decoration: underline;\"><strong>20. M\u00e1ja 2013<\/strong><\/span><br \/>\nAktualizovan\u00e1 sekcia\u00a0<strong><a title=\"Vysok\u00e1 \u0161kola\" href=\"http:\/\/zds.sk\/?page_id=31\">&#8222;Vysok\u00e1 \u0161kola&#8220;<\/a><\/strong>. Oznam o 2. kole prij\u00edmacieho konania.<\/p>\n<p>&nbsp;<\/p>\n<p><span style=\"text-decoration: underline;\"><strong>16. M\u00e1ja 2013<\/strong><\/span><br \/>\nAktualizovan\u00e1 sekcia\u00a0<strong><a title=\"Pozv\u00e1nky\" href=\"http:\/\/zds.sk\/?page_id=24\">&#8222;Pozv\u00e1nky&#8220;<\/a><\/strong>. Pridan\u00e9 prihl\u00e1\u0161ky na Diabetologick\u00e9 dni 2013 pre sestry, firmy a z\u00e1kladn\u00e9 organiz\u00e1cie.<\/p>\n<p><a href=\"http:\/\/zds.sk\/wp-content\/uploads\/2012\/01\/DD_BA_pozvanka_2013.png\" target=\"_blank\"><img loading=\"lazy\" decoding=\"async\" class=\" wp-image-241 alignnone\" alt=\"DD_BA_pozvanka_2013\" src=\"http:\/\/zds.sk\/wp-content\/uploads\/2012\/01\/DD_BA_pozvanka_2013-150x150.png\" width=\"150\" height=\"200\" \/><\/a>\u00a0kliknite na obr\u00e1zok pre zv\u00e4\u010d\u0161enie<\/p>\n<p>&nbsp;<\/p>\n<p><span style=\"text-decoration: underline;\"><strong>11. Okt\u00f3bra 2012<\/strong><\/span><br \/>\nZverejnen\u00e1 Tla\u010dov\u00e1 spr\u00e1va ku 7. Festivalu diabetu 2012 v sekcii <a title=\"Dokumenty\" href=\"http:\/\/zds.sk\/?page_id=42\"><strong>Dokumenty<\/strong><\/a><\/p>\n<p>&nbsp;<\/p>\n<p><span style=\"text-decoration: underline;\"><strong>10. Okt\u00f3bra 2012<\/strong><\/span><br \/>\n<strong>Zverejnen\u00fd oznam o \u0161t\u00fadiu pre akademick\u00fd rok 2013\/2014\u00a0<\/strong>v sekcii <a title=\"Vysok\u00e1 \u0161kola\" href=\"http:\/\/zds.sk\/?page_id=31\"><strong>Vysok\u00e1 \u0161kola<\/strong><\/a><\/p>\n<p>&nbsp;<\/p>\n<p><strong><span style=\"text-decoration: underline;\">2. Augusta 2012<\/span><\/strong><br \/>\nPridan\u00e1 gal\u00e9ria Festival diabetu 2011 v sekcii <strong><a title=\"Gal\u00e9ria\" href=\"http:\/\/zds.sk\/?page_id=37\">&#8222;Gal\u00e9ria&#8220;<\/a><\/strong><\/p>\n<p>&nbsp;<\/p>\n<p><strong><span style=\"text-decoration: underline;\">31. J\u00fala 2012<\/span><\/strong><br \/>\nPridan\u00e1 gal\u00e9ria DIADEN Michalovce 2011 v sekcii <strong><a title=\"Gal\u00e9ria\" href=\"http:\/\/zds.sk\/?page_id=37\">&#8222;Gal\u00e9ria&#8220;<\/a><\/strong><\/p>\n<p>&nbsp;<\/p>\n<p><strong><span style=\"text-decoration: underline;\">29. J\u00fala 2012<\/span><\/strong><br \/>\nAktualizovan\u00e1 sekcia <strong><a title=\"Dokumenty\" href=\"http:\/\/zds.sk\/?page_id=42\">&#8222;Dokumenty&#8220;<\/a><\/strong>. Pridan\u00e9 dokumenty pre <span style=\"text-decoration: underline;\">Vo\u013eby v ZDS na roky 2013 \u2013 2017<\/span> a <span style=\"text-decoration: underline;\">Pl\u00e1n \u010dinnosti ZDS na roky 2013 \u2013 2017<\/span><\/p>\n<p>&nbsp;<\/p>\n<p><strong><span style=\"text-decoration: underline;\">28. J\u00fala 2012<\/span><\/strong><br \/>\nAktualizovan\u00e1 sekcia <strong><a title=\"Pozv\u00e1nky\" href=\"http:\/\/zds.sk\/?page_id=24\">&#8222;Pozv\u00e1nky&#8220;<\/a><\/strong>. Pridan\u00e9 prihl\u00e1\u0161ky na Festival diabetu 2012 pre sestry a firmy<br \/>\n<img decoding=\"async\" class=\"aligncenter size-full wp-image-44\" title=\"7_Festival_Diabetu\" alt=\"\" src=\"http:\/\/zds.sk\/obr\/7_ festival_diabetu_700.png\" \/><\/p>\n<p><img loading=\"lazy\" decoding=\"async\" class=\"aligncenter size-full wp-image-44\" title=\"DD_KE_pozvanka_2012\" alt=\"\" src=\"http:\/\/zds.sk\/wp-content\/uploads\/2012\/01\/DD_KE_pozvanka_2012.png\" width=\"536\" height=\"758\" \/><\/p>\n<p><img loading=\"lazy\" decoding=\"async\" class=\"aligncenter size-full wp-image-44\" title=\"FD_BB_pozvanka_2011\" alt=\"\" src=\"http:\/\/zds.sk\/wp-content\/uploads\/2012\/01\/FD_BB_pozvanka_2011.png\" width=\"536\" height=\"758\" srcset=\"https:\/\/www.zds.sk\/wp-content\/uploads\/2012\/01\/FD_BB_pozvanka_2011.png 536w, https:\/\/www.zds.sk\/wp-content\/uploads\/2012\/01\/FD_BB_pozvanka_2011-212x300.png 212w\" sizes=\"auto, (max-width: 536px) 100vw, 536px\" \/><\/p>\n<p><strong><span style=\"text-decoration: underline;\">4. Augusta 2010<\/span><\/strong><br \/>\nDoplnen\u00e1 gal\u00e9ria &#8222;Rekre\u00e1cia diabetik a rodina &#8211; \u017diarska dolina 2010&#8220;<\/p>\n<p><strong><span style=\"text-decoration: underline;\">31. J\u00fala 2010<\/span><\/strong><br \/>\nDoplnen\u00e1 sekcia &#8222;Pozv\u00e1nky&#8220; o prihl\u00e1\u0161ky na festival diabetu<\/p>\n<p><strong><span style=\"text-decoration: underline;\">31. J\u00fala 2010<\/span><\/strong><br \/>\nVytvoren\u00e1 sekcia &#8222;Vysok\u00e1 \u0161kola&#8220;<\/p>\n<p><strong><span style=\"text-decoration: underline;\">31. J\u00fala 2010<\/span><\/strong><br \/>\nDoplnen\u00e9 dokumenty &#8222;Spr\u00e1va o hospod\u00e1ren\u00ed&#8220; a &#8222;Spr\u00e1va o \u010dinnosti&#8220; ZDS<\/p>\n<p><strong><span style=\"text-decoration: underline;\">30. J\u00fana 2010<\/span><\/strong><br \/>\nViac inform\u00e1ci\u00ed z\u00edskate kliknut\u00edm na obr\u00e1zok<\/p>\n<p><strong><span style=\"text-decoration: underline;\">02. M\u00e1ja 2010<\/span><\/strong><br \/>\nPozv\u00e1nka na Festival Diabetu 2010 v sekcii &#8222;Pozv\u00e1nky&#8220;<\/p>\n<p><strong><span style=\"text-decoration: underline;\">21. Apr\u00edla 2010<\/span><\/strong><br \/>\nPozv\u00e1nka na Rekondi\u00e8n\u00e9 pobyty 2010 v sekcii &#8222;Pozv\u00e1nky&#8220;<\/p>\n<p><strong><span style=\"text-decoration: underline;\">19. Febru\u00e1ra 2010<\/span><\/strong><br \/>\nPozv\u00e1nka na 20. diabetologick\u00e9 dni v sekcii &#8222;Pozv\u00e1nky&#8220;<\/p>\n<p><strong><span style=\"text-decoration: underline;\">2. Febru\u00e1ra 2010<\/span><\/strong><br \/>\nSpusten\u00e1 gal\u00e9ria &#8222;Festival diabetu&#8220;, aktualizovan\u00e1 sekcia &#8222;Zauj\u00edmav\u00e9 linky&#8220;<\/p>\n<p><strong><span style=\"text-decoration: underline;\">26. Janu\u00e1ra 2010<\/span><\/strong><br \/>\nSpusten\u00e1 testovacia prev\u00e1dzka v sekcii &#8222;Gal\u00e9ria&#8220;<\/p>\n<p><strong><span style=\"text-decoration: underline;\">26. Janu\u00e1ra 2010<\/span><\/strong><br \/>\nAktualizovan\u00e1 sekcia &#8222;2% z dane&#8220; a &#8222;Eduk\u00e1cia &#8211; Literat\u00fara&#8220;<\/p>\n<p><strong><span style=\"text-decoration: underline;\">05. Janu\u00e1ra 2010<\/span><\/strong><br \/>\nDokon\u00e8en\u00e9 sekcie ZDS a Eduk\u00e1cia &#8211; \u00c8asopisy<\/p>\n<p><strong><span style=\"text-decoration: underline;\">02. Janu\u00e1ra 2010<\/span><\/strong><br \/>\nNov\u00fd, praktickej\u0161\u00ed dizajn webovej prezent\u00e1cie ZDS<\/p>\n<p><strong><span style=\"text-decoration: underline;\">12. Decembra 2009<\/span><\/strong><br \/>\nDokon\u00e8en\u00e9 niektor\u00e9 sekcie str\u00e1nky<\/p>\n","protected":false},"excerpt":{"rendered":"<p>8. Apr\u00edl 2014 Aktualizovan\u00e1 sekcia\u00a0&#8222;Pozv\u00e1nky&#8220;. Pridan\u00e9 prihl\u00e1\u0161ky na Diabetologick\u00e9 dni 2014 pre sestry, firmy a z\u00e1kladn\u00e9 organiz\u00e1cie. &nbsp; &nbsp; &nbsp; &nbsp; &nbsp; kliknite na obr\u00e1zok pre zv\u00e4\u010d\u0161enie &nbsp; &nbsp; &nbsp; 28. Oktober 2013 D\u00f4le\u017eit\u00fd oznam diabetologick\u00fdm pacientom 19. Augusta 2013 Aktualizovan\u00e1 sekcia\u00a0&#8222;Z\u00e1kladn\u00e9 organiz\u00e1cie&#8220;. Aktualizovan\u00e9 kontaktn\u00e9 \u00fadaje. 18. Augusta 2013 Aktualizovan\u00e1 sekcia\u00a0&#8222;Aktivity&#8220;. Pridan\u00e9 Rekondi\u010dn\u00e9 pobyty pre&#8230;<\/p>\n","protected":false},"author":1,"featured_media":0,"comment_status":"closed","ping_status":"closed","sticky":false,"template":"","format":"standard","meta":{"ngg_post_thumbnail":0,"_kadence_starter_templates_imported_post":false,"_kad_post_transparent":"","_kad_post_title":"","_kad_post_layout":"","_kad_post_sidebar_id":"","_kad_post_content_style":"","_kad_post_vertical_padding":"","_kad_post_feature":"","_kad_post_feature_position":"","_kad_post_header":false,"_kad_post_footer":false,"_kad_post_classname":"","footnotes":""},"categories":[1],"tags":[7,3,5,6,8,4],"class_list":["post-6","post","type-post","status-publish","format-standard","hentry","category-uncategorized","tag-cukrovka","tag-diabetes","tag-diabetici","tag-diabetik","tag-diabetisci-slovenska","tag-zds"],"_links":{"self":[{"href":"https:\/\/www.zds.sk\/index.php?rest_route=\/wp\/v2\/posts\/6","targetHints":{"allow":["GET"]}}],"collection":[{"href":"https:\/\/www.zds.sk\/index.php?rest_route=\/wp\/v2\/posts"}],"about":[{"href":"https:\/\/www.zds.sk\/index.php?rest_route=\/wp\/v2\/types\/post"}],"author":[{"embeddable":true,"href":"https:\/\/www.zds.sk\/index.php?rest_route=\/wp\/v2\/users\/1"}],"replies":[{"embeddable":true,"href":"https:\/\/www.zds.sk\/index.php?rest_route=%2Fwp%2Fv2%2Fcomments&post=6"}],"version-history":[{"count":40,"href":"https:\/\/www.zds.sk\/index.php?rest_route=\/wp\/v2\/posts\/6\/revisions"}],"predecessor-version":[{"id":1328,"href":"https:\/\/www.zds.sk\/index.php?rest_route=\/wp\/v2\/posts\/6\/revisions\/1328"}],"wp:attachment":[{"href":"https:\/\/www.zds.sk\/index.php?rest_route=%2Fwp%2Fv2%2Fmedia&parent=6"}],"wp:term":[{"taxonomy":"category","embeddable":true,"href":"https:\/\/www.zds.sk\/index.php?rest_route=%2Fwp%2Fv2%2Fcategories&post=6"},{"taxonomy":"post_tag","embeddable":true,"href":"https:\/\/www.zds.sk\/index.php?rest_route=%2Fwp%2Fv2%2Ftags&post=6"}],"curies":[{"name":"wp","href":"https:\/\/api.w.org\/{rel}","templated":true}]}}